{"id":2357,"date":"2025-12-12T16:01:00","date_gmt":"2025-12-12T15:01:00","guid":{"rendered":"https:\/\/sensemakers.it\/?p=2357"},"modified":"2026-03-30T16:01:54","modified_gmt":"2026-03-30T14:01:54","slug":"top-15-giornalisti-piu-attivi-sui-social-novembre-2025","status":"publish","type":"post","link":"https:\/\/sensemakers.it\/news\/top-15-giornalisti-piu-attivi-sui-social-novembre-2025\/","title":{"rendered":"TOP 15 Giornalisti pi\u00f9 attivi sui social, Novembre 2025"},"content":{"rendered":"\n<p>Pubblicata la classifica dei\u00a0<strong>Top 15 giornalisti italiani\u00a0<\/strong>pi\u00f9 social a novembre, eelaborata da Sensemakers in collaborazione con Prima Comunicazione, sulla base dei dati <strong><a href=\"https:\/\/sensemakers.it\/servizi\/comscore-social-analytics\" type=\"link\" id=\"https:\/\/sensemakers.it\/servizi\/comscore-social-analytics\">Comscore Social<\/a>\u00a0<\/strong>rilevati monitorando\u00a0<strong>interazioni\u00a0<\/strong>e\u00a0<strong>video views<\/strong>\u00a0sulle principali piattaforme social\u00a0(Facebook,\u00a0Instagram,\u00a0TikTok, X,\u00a0YouTube).<\/p>\n\n\n\n<h3 class=\"wp-block-heading\"><strong>Classifica dei\u00a0 Top Giornalisti pi\u00f9 attivi sui social a novembre<\/strong><\/h3>\n\n\n\n<p>La&nbsp;<strong>Top 15 giornalisti sui social&nbsp;<\/strong>mostra un\u2019inversione del trend positivo che aveva caratterizzato i mesi precedenti. Si registra, infatti, una frizione nei volumi di engagement raccolti rispetto ad ottobre.<\/p>\n\n\n\n<p>Si nota, inoltre, che le prime 6 posizioni del ranking, nonostante siano occupate dagli stessi attori, perdono il 40% rispetto al totale delle interazioni generate lo scorso mese.<\/p>\n\n\n\n<p>A guidare il calo \u00e8 proprio&nbsp;<strong>Lorenzo Tosa<\/strong>&nbsp;che riesce a difendere la pole position del ranking nonostante i volumi raccolti si siano pi\u00f9 che dimezzati rispetto al mese precedente.<\/p>\n\n\n\n<p>Tale frizione risulta ragionevolmente correlata ai volumi di pubblicazione che si sono, anch\u2019essi, ridotti di quasi il 50%.<\/p>\n\n\n\n<p>Anche questo mese Tosa non manca nel far sentire la propria vicinanza al collega Sigfrido Ranucci che, dopo l\u2019attentato intimidatorio subito, ha accentrato su di s\u00e9 una forte attenzione mediatica.<\/p>\n\n\n\n<p>Se i suoi colleghi dedicano a lui post di sostegno, condanna e vicinanza, Ranucci lo fa a sua volta con loro. Non a caso questo mese appare nel ranking in settima posizione.<\/p>\n\n\n\n<p>Tra i post con i quali&nbsp;<strong>Sigfrido Ranucci<\/strong>&nbsp;ringrazia del supporto e quelli con i quali celebra le ottime performance televisive del suo programma, Report, il contenuto che ha ottenuto il maggior engagement social \u00e8 rivolto alla collega Maril\u00f9 Mastrogiovanni, giornalista da anni \u00e8 vittima di querele e azioni intimidatorie per le sue inchieste.<\/p>\n\n\n\n<p>Si nota l\u2019ingresso di&nbsp;<strong>Cruciani<\/strong>&nbsp;che riesce ad entrare nel ranking aiutato dalla generale frizione dei volumi del mese.<\/p>\n\n\n\n<p>I suoi profili sono attivi esclusivamente su due piattaforme, Facebook e Instagram, sulle quali pubblica format continuativi che consistono prevalentemente nella ricondivisione di spezzoni del suo programma radiofonico \u201cLa Zanzara\u201d.<\/p>\n\n\n\n<figure class=\"wp-block-image aligncenter size-full is-resized\"><a href=\"https:\/\/sensemakers.it\/wp-content\/uploads\/2026\/03\/Classifica-Giornalisti-italiani_NOV2025.jpg\" target=\"_blank\" rel=\"noreferrer noopener\" data-rel=\"lightbox-gallery-xBAAcoVL\" data-rl_title=\"\" data-rl_caption=\"\" title=\"\"><img fetchpriority=\"high\" decoding=\"async\" width=\"756\" height=\"1058\" src=\"https:\/\/sensemakers.it\/wp-content\/uploads\/2026\/03\/Classifica-Giornalisti-italiani_NOV2025.jpg\" alt=\"\" class=\"wp-image-2358\" style=\"width:auto;height:450px\" srcset=\"https:\/\/sensemakers.it\/wp-content\/uploads\/2026\/03\/Classifica-Giornalisti-italiani_NOV2025.jpg 756w, https:\/\/sensemakers.it\/wp-content\/uploads\/2026\/03\/Classifica-Giornalisti-italiani_NOV2025-214x300.jpg 214w, https:\/\/sensemakers.it\/wp-content\/uploads\/2026\/03\/Classifica-Giornalisti-italiani_NOV2025-732x1024.jpg 732w\" sizes=\"(max-width: 756px) 100vw, 756px\" \/><\/a><\/figure>\n\n\n\n<h3 class=\"wp-block-heading\"><strong>Classifica dei best performing post dei Giornalisti&nbsp;<\/strong><\/h3>\n\n\n\n<p>Il ranking dei&nbsp;<strong>Top 10 Best Performing Post<\/strong>&nbsp;apre le porte a diversi attori dopo mesi in cui risultava dominato da post di Lorenzo Tosa.<\/p>\n\n\n\n<p>Si nota la presenza di&nbsp;<strong>Valerio Staffelli<\/strong>, inviato ufficiale di \u201cStriscia la Notizia\u201d, conosciuto per recapitare i Tapiri D\u2019oro ai personaggi pi\u00f9 controversi e discussi del gossip italiano.<\/p>\n\n\n\n<figure class=\"wp-block-image aligncenter size-full is-resized\"><a href=\"https:\/\/sensemakers.it\/wp-content\/uploads\/2026\/03\/Classifica-Giornalisti-italiani_bestperformingpost_NOV2025.jpg\" target=\"_blank\" rel=\"noreferrer noopener\" data-rel=\"lightbox-gallery-xBAAcoVL\" data-rl_title=\"\" data-rl_caption=\"\" title=\"\"><img decoding=\"async\" width=\"756\" height=\"1058\" src=\"https:\/\/sensemakers.it\/wp-content\/uploads\/2026\/03\/Classifica-Giornalisti-italiani_bestperformingpost_NOV2025.jpg\" alt=\"\" class=\"wp-image-2359\" style=\"width:auto;height:450px\" srcset=\"https:\/\/sensemakers.it\/wp-content\/uploads\/2026\/03\/Classifica-Giornalisti-italiani_bestperformingpost_NOV2025.jpg 756w, https:\/\/sensemakers.it\/wp-content\/uploads\/2026\/03\/Classifica-Giornalisti-italiani_bestperformingpost_NOV2025-214x300.jpg 214w, https:\/\/sensemakers.it\/wp-content\/uploads\/2026\/03\/Classifica-Giornalisti-italiani_bestperformingpost_NOV2025-732x1024.jpg 732w\" sizes=\"(max-width: 756px) 100vw, 756px\" \/><\/a><\/figure>\n\n\n\n<div style=\"height:50px\" aria-hidden=\"true\" class=\"wp-block-spacer\"><\/div>\n\n\n\n<p class=\"has-text-align-center\">La classifica \u00e8 anche disponibile sul sito di&nbsp;<strong><a href=\"https:\/\/www.primaonline.it\/2026\/01\/12\/461825\/classifica-dei-giornalisti-piu-social-volumi-in-calo-premiata-la-continuita-tornano-vanzi-e-saviano\/\" target=\"_blank\" rel=\"noreferrer noopener\">Prima online<\/a><\/strong>.<\/p>\n\n\n\n<hr class=\"wp-block-separator has-alpha-channel-opacity\" style=\"margin-top:0;margin-bottom:var(--wp--preset--spacing--60)\"\/>\n\n\n\n<p class=\"has-small-font-size\"><strong>NOTA METODOLOGICA<\/strong><\/p>\n\n\n\n<p class=\"has-small-font-size\">Classifica dei <strong>Top Giornalisti Italiani<\/strong> per interazioni sui contenuti pubblicati dagli account ufficiali dei giornalisti italiani nel mese di riferimento.<\/p>\n\n\n\n<p class=\"has-small-font-size\">Su Facebook sono considerati account ufficiali esclusivamente le pagine pubbliche<\/p>\n\n\n\n<p class=\"has-small-font-size\"><strong>INTERACTIONS<\/strong>: Somma complessiva delle interazioni realizzate dai contenuti nei 7 giorni successivi alla data di pubblicazione nel mese di riferimento, nel dettaglio:<\/p>\n\n\n\n<ul class=\"wp-block-list has-small-font-size\">\n<li>reactions, commenti, share su Facebook,<\/li>\n\n\n\n<li>like e dei commenti su Instagram,<\/li>\n\n\n\n<li>like e dei retweet ricevuti su X \/ Twitter,<\/li>\n\n\n\n<li>like, commenti e share su TikTok,<\/li>\n\n\n\n<li>like e commenti su Youtube.<\/li>\n<\/ul>\n\n\n\n<p class=\"has-small-font-size\"><strong>VIDEO VIEWS:&nbsp;<\/strong>Somma delle visualizzazioni dei contenuti video pubblicati su Facebook, X\/Twitter, YouTube e TikTok nel mese di riferimento.<\/p>\n\n\n\n<p class=\"has-small-font-size\"><strong>LEGENDA:<\/strong><\/p>\n\n\n\n<figure class=\"wp-block-image alignleft size-full is-resized\"><img decoding=\"async\" width=\"163\" height=\"231\" src=\"https:\/\/sensemakers.it\/wp-content\/uploads\/2026\/01\/legenda.jpg\" alt=\"\" class=\"wp-image-423\" style=\"width:150px\"\/><\/figure>\n","protected":false},"excerpt":{"rendered":"<p>Pubblicata la classifica dei\u00a0Top 15 giornalisti italiani\u00a0pi\u00f9 social a novembre, eelaborata da Sensemakers in collaborazione con Prima Comunicazione, sulla base [&hellip;]<\/p>\n","protected":false},"author":1,"featured_media":2360,"comment_status":"closed","ping_status":"closed","sticky":false,"template":"","format":"standard","meta":{"site-sidebar-layout":"default","site-content-layout":"","ast-site-content-layout":"default","site-content-style":"default","site-sidebar-style":"default","ast-global-header-display":"","ast-banner-title-visibility":"","ast-main-header-display":"","ast-hfb-above-header-display":"","ast-hfb-below-header-display":"","ast-hfb-mobile-header-display":"","site-post-title":"","ast-breadcrumbs-content":"","ast-featured-img":"","footer-sml-layout":"","ast-disable-related-posts":"","theme-transparent-header-meta":"","adv-header-id-meta":"","stick-header-meta":"","header-above-stick-meta":"","header-main-stick-meta":"","header-below-stick-meta":"","astra-migrate-meta-layouts":"default","ast-page-background-enabled":"default","ast-page-background-meta":{"desktop":{"background-color":"var(--ast-global-color-5)","background-image":"","background-repeat":"repeat","background-position":"center center","background-size":"auto","background-attachment":"scroll","background-type":"","background-media":"","overlay-type":"","overlay-color":"","overlay-opacity":"","overlay-gradient":""},"tablet":{"background-color":"","background-image":"","background-repeat":"repeat","background-position":"center center","background-size":"auto","background-attachment":"scroll","background-type":"","background-media":"","overlay-type":"","overlay-color":"","overlay-opacity":"","overlay-gradient":""},"mobile":{"background-color":"","background-image":"","background-repeat":"repeat","background-position":"center center","background-size":"auto","background-attachment":"scroll","background-type":"","background-media":"","overlay-type":"","overlay-color":"","overlay-opacity":"","overlay-gradient":""}},"ast-content-background-meta":{"desktop":{"background-color":"var(--ast-global-color-4)","background-image":"","background-repeat":"repeat","background-position":"center center","background-size":"auto","background-attachment":"scroll","background-type":"","background-media":"","overlay-type":"","overlay-color":"","overlay-opacity":"","overlay-gradient":""},"tablet":{"background-color":"var(--ast-global-color-4)","background-image":"","background-repeat":"repeat","background-position":"center center","background-size":"auto","background-attachment":"scroll","background-type":"","background-media":"","overlay-type":"","overlay-color":"","overlay-opacity":"","overlay-gradient":""},"mobile":{"background-color":"var(--ast-global-color-4)","background-image":"","background-repeat":"repeat","background-position":"center center","background-size":"auto","background-attachment":"scroll","background-type":"","background-media":"","overlay-type":"","overlay-color":"","overlay-opacity":"","overlay-gradient":""}},"footnotes":""},"categories":[5],"tags":[31],"class_list":["post-2357","post","type-post","status-publish","format-standard","has-post-thumbnail","hentry","category-classifiche","tag-giornalisti"],"yoast_head":"<!-- This site is optimized with the Yoast SEO plugin v27.4 - https:\/\/yoast.com\/product\/yoast-seo-wordpress\/ -->\n<title>TOP 15 Giornalisti pi\u00f9 attivi sui social, Novembre 2025 - Sensemakers<\/title>\n<meta name=\"description\" content=\"Top 15 giornalisti di novembre: frizione nei volumi di engagement. Prime 6 posizioni gli stessi attori di ottobre ma con -40% di interazioni\" \/>\n<meta name=\"robots\" content=\"index, follow, max-snippet:-1, max-image-preview:large, max-video-preview:-1\" \/>\n<link rel=\"canonical\" href=\"https:\/\/sensemakers.it\/en\/news\/top-15-giornalisti-piu-attivi-sui-social-novembre-2025\/\" \/>\n<meta property=\"og:locale\" content=\"en_US\" \/>\n<meta property=\"og:type\" content=\"article\" \/>\n<meta property=\"og:title\" content=\"TOP 15 Giornalisti pi\u00f9 attivi sui social, Novembre 2025 - Sensemakers\" \/>\n<meta property=\"og:description\" content=\"Top 15 giornalisti di novembre: frizione nei volumi di engagement. Prime 6 posizioni gli stessi attori di ottobre ma con -40% di interazioni\" \/>\n<meta property=\"og:url\" content=\"https:\/\/sensemakers.it\/news\/top-15-giornalisti-piu-attivi-sui-social-novembre-2025\/\" \/>\n<meta property=\"og:site_name\" content=\"Sensemakers\" \/>\n<meta property=\"article:published_time\" content=\"2025-12-12T15:01:00+00:00\" \/>\n<meta property=\"article:modified_time\" content=\"2026-03-30T14:01:54+00:00\" \/>\n<meta property=\"og:image\" content=\"https:\/\/sensemakers.it\/wp-content\/uploads\/2026\/03\/img-in-evidenza-WP-6.jpg\" \/>\n\t<meta property=\"og:image:width\" content=\"1200\" \/>\n\t<meta property=\"og:image:height\" content=\"800\" \/>\n\t<meta property=\"og:image:type\" content=\"image\/jpeg\" \/>\n<meta name=\"author\" content=\"admin\" \/>\n<meta name=\"twitter:card\" content=\"summary_large_image\" \/>\n<meta name=\"twitter:label1\" content=\"Written by\" \/>\n\t<meta name=\"twitter:data1\" content=\"admin\" \/>\n\t<meta name=\"twitter:label2\" content=\"Est. reading time\" \/>\n\t<meta name=\"twitter:data2\" content=\"4 minutes\" \/>\n<script type=\"application\/ld+json\" class=\"yoast-schema-graph\">{\"@context\":\"https:\\\/\\\/schema.org\",\"@graph\":[{\"@type\":\"Article\",\"@id\":\"https:\\\/\\\/sensemakers.it\\\/news\\\/top-15-giornalisti-piu-attivi-sui-social-novembre-2025\\\/#article\",\"isPartOf\":{\"@id\":\"https:\\\/\\\/sensemakers.it\\\/news\\\/top-15-giornalisti-piu-attivi-sui-social-novembre-2025\\\/\"},\"author\":{\"name\":\"admin\",\"@id\":\"https:\\\/\\\/sensemakers.it\\\/en\\\/#\\\/schema\\\/person\\\/f3d830660f758ca54a46c78901396204\"},\"headline\":\"TOP 15 Giornalisti pi\u00f9 attivi sui social, Novembre 2025\",\"datePublished\":\"2025-12-12T15:01:00+00:00\",\"dateModified\":\"2026-03-30T14:01:54+00:00\",\"mainEntityOfPage\":{\"@id\":\"https:\\\/\\\/sensemakers.it\\\/news\\\/top-15-giornalisti-piu-attivi-sui-social-novembre-2025\\\/\"},\"wordCount\":512,\"publisher\":{\"@id\":\"https:\\\/\\\/sensemakers.it\\\/en\\\/#organization\"},\"image\":{\"@id\":\"https:\\\/\\\/sensemakers.it\\\/news\\\/top-15-giornalisti-piu-attivi-sui-social-novembre-2025\\\/#primaryimage\"},\"thumbnailUrl\":\"https:\\\/\\\/sensemakers.it\\\/wp-content\\\/uploads\\\/2026\\\/03\\\/img-in-evidenza-WP-6.jpg\",\"keywords\":[\"Giornalisti\"],\"articleSection\":[\"Classifiche\"],\"inLanguage\":\"en-US\"},{\"@type\":\"WebPage\",\"@id\":\"https:\\\/\\\/sensemakers.it\\\/news\\\/top-15-giornalisti-piu-attivi-sui-social-novembre-2025\\\/\",\"url\":\"https:\\\/\\\/sensemakers.it\\\/news\\\/top-15-giornalisti-piu-attivi-sui-social-novembre-2025\\\/\",\"name\":\"TOP 15 Giornalisti pi\u00f9 attivi sui social, Novembre 2025 - Sensemakers\",\"isPartOf\":{\"@id\":\"https:\\\/\\\/sensemakers.it\\\/en\\\/#website\"},\"primaryImageOfPage\":{\"@id\":\"https:\\\/\\\/sensemakers.it\\\/news\\\/top-15-giornalisti-piu-attivi-sui-social-novembre-2025\\\/#primaryimage\"},\"image\":{\"@id\":\"https:\\\/\\\/sensemakers.it\\\/news\\\/top-15-giornalisti-piu-attivi-sui-social-novembre-2025\\\/#primaryimage\"},\"thumbnailUrl\":\"https:\\\/\\\/sensemakers.it\\\/wp-content\\\/uploads\\\/2026\\\/03\\\/img-in-evidenza-WP-6.jpg\",\"datePublished\":\"2025-12-12T15:01:00+00:00\",\"dateModified\":\"2026-03-30T14:01:54+00:00\",\"description\":\"Top 15 giornalisti di novembre: frizione nei volumi di engagement. Prime 6 posizioni gli stessi attori di ottobre ma con -40% di interazioni\",\"breadcrumb\":{\"@id\":\"https:\\\/\\\/sensemakers.it\\\/news\\\/top-15-giornalisti-piu-attivi-sui-social-novembre-2025\\\/#breadcrumb\"},\"inLanguage\":\"en-US\",\"potentialAction\":[{\"@type\":\"ReadAction\",\"target\":[\"https:\\\/\\\/sensemakers.it\\\/news\\\/top-15-giornalisti-piu-attivi-sui-social-novembre-2025\\\/\"]}]},{\"@type\":\"ImageObject\",\"inLanguage\":\"en-US\",\"@id\":\"https:\\\/\\\/sensemakers.it\\\/news\\\/top-15-giornalisti-piu-attivi-sui-social-novembre-2025\\\/#primaryimage\",\"url\":\"https:\\\/\\\/sensemakers.it\\\/wp-content\\\/uploads\\\/2026\\\/03\\\/img-in-evidenza-WP-6.jpg\",\"contentUrl\":\"https:\\\/\\\/sensemakers.it\\\/wp-content\\\/uploads\\\/2026\\\/03\\\/img-in-evidenza-WP-6.jpg\",\"width\":1200,\"height\":800,\"caption\":\"giornalisti nov 2025\"},{\"@type\":\"BreadcrumbList\",\"@id\":\"https:\\\/\\\/sensemakers.it\\\/news\\\/top-15-giornalisti-piu-attivi-sui-social-novembre-2025\\\/#breadcrumb\",\"itemListElement\":[{\"@type\":\"ListItem\",\"position\":1,\"name\":\"Home\",\"item\":\"https:\\\/\\\/sensemakers.it\\\/en\\\/\"},{\"@type\":\"ListItem\",\"position\":2,\"name\":\"TOP 15 Giornalisti pi\u00f9 attivi sui social, Novembre 2025\"}]},{\"@type\":\"WebSite\",\"@id\":\"https:\\\/\\\/sensemakers.it\\\/en\\\/#website\",\"url\":\"https:\\\/\\\/sensemakers.it\\\/en\\\/\",\"name\":\"Sensemakers\",\"description\":\"\",\"publisher\":{\"@id\":\"https:\\\/\\\/sensemakers.it\\\/en\\\/#organization\"},\"potentialAction\":[{\"@type\":\"SearchAction\",\"target\":{\"@type\":\"EntryPoint\",\"urlTemplate\":\"https:\\\/\\\/sensemakers.it\\\/en\\\/?s={search_term_string}\"},\"query-input\":{\"@type\":\"PropertyValueSpecification\",\"valueRequired\":true,\"valueName\":\"search_term_string\"}}],\"inLanguage\":\"en-US\"},{\"@type\":\"Organization\",\"@id\":\"https:\\\/\\\/sensemakers.it\\\/en\\\/#organization\",\"name\":\"Sensemakers\",\"url\":\"https:\\\/\\\/sensemakers.it\\\/en\\\/\",\"logo\":{\"@type\":\"ImageObject\",\"inLanguage\":\"en-US\",\"@id\":\"https:\\\/\\\/sensemakers.it\\\/en\\\/#\\\/schema\\\/logo\\\/image\\\/\",\"url\":\"https:\\\/\\\/sensemakers.it\\\/wp-content\\\/uploads\\\/2026\\\/01\\\/sensemakersAsset-21@3x.png\",\"contentUrl\":\"https:\\\/\\\/sensemakers.it\\\/wp-content\\\/uploads\\\/2026\\\/01\\\/sensemakersAsset-21@3x.png\",\"width\":1098,\"height\":150,\"caption\":\"Sensemakers\"},\"image\":{\"@id\":\"https:\\\/\\\/sensemakers.it\\\/en\\\/#\\\/schema\\\/logo\\\/image\\\/\"}},{\"@type\":\"Person\",\"@id\":\"https:\\\/\\\/sensemakers.it\\\/en\\\/#\\\/schema\\\/person\\\/f3d830660f758ca54a46c78901396204\",\"name\":\"admin\",\"image\":{\"@type\":\"ImageObject\",\"inLanguage\":\"en-US\",\"@id\":\"https:\\\/\\\/secure.gravatar.com\\\/avatar\\\/3096f45fd9580abce011db7ac7a12384188d53fa0a9a2c0c55243f4de9ede0de?s=96&d=mm&r=g\",\"url\":\"https:\\\/\\\/secure.gravatar.com\\\/avatar\\\/3096f45fd9580abce011db7ac7a12384188d53fa0a9a2c0c55243f4de9ede0de?s=96&d=mm&r=g\",\"contentUrl\":\"https:\\\/\\\/secure.gravatar.com\\\/avatar\\\/3096f45fd9580abce011db7ac7a12384188d53fa0a9a2c0c55243f4de9ede0de?s=96&d=mm&r=g\",\"caption\":\"admin\"},\"sameAs\":[\"https:\\\/\\\/sensemakers.it\"],\"url\":\"https:\\\/\\\/sensemakers.it\\\/en\\\/news\\\/author\\\/sensemakers_2t1uv5rd\\\/\"}]}<\/script>\n<!-- \/ Yoast SEO plugin. -->","yoast_head_json":{"title":"TOP 15 Giornalisti pi\u00f9 attivi sui social, Novembre 2025 - Sensemakers","description":"Top 15 giornalisti di novembre: frizione nei volumi di engagement. Prime 6 posizioni gli stessi attori di ottobre ma con -40% di interazioni","robots":{"index":"index","follow":"follow","max-snippet":"max-snippet:-1","max-image-preview":"max-image-preview:large","max-video-preview":"max-video-preview:-1"},"canonical":"https:\/\/sensemakers.it\/en\/news\/top-15-giornalisti-piu-attivi-sui-social-novembre-2025\/","og_locale":"en_US","og_type":"article","og_title":"TOP 15 Giornalisti pi\u00f9 attivi sui social, Novembre 2025 - Sensemakers","og_description":"Top 15 giornalisti di novembre: frizione nei volumi di engagement. Prime 6 posizioni gli stessi attori di ottobre ma con -40% di interazioni","og_url":"https:\/\/sensemakers.it\/news\/top-15-giornalisti-piu-attivi-sui-social-novembre-2025\/","og_site_name":"Sensemakers","article_published_time":"2025-12-12T15:01:00+00:00","article_modified_time":"2026-03-30T14:01:54+00:00","og_image":[{"width":1200,"height":800,"url":"https:\/\/sensemakers.it\/wp-content\/uploads\/2026\/03\/img-in-evidenza-WP-6.jpg","type":"image\/jpeg"}],"author":"admin","twitter_card":"summary_large_image","twitter_misc":{"Written by":"admin","Est. reading time":"4 minutes"},"schema":{"@context":"https:\/\/schema.org","@graph":[{"@type":"Article","@id":"https:\/\/sensemakers.it\/news\/top-15-giornalisti-piu-attivi-sui-social-novembre-2025\/#article","isPartOf":{"@id":"https:\/\/sensemakers.it\/news\/top-15-giornalisti-piu-attivi-sui-social-novembre-2025\/"},"author":{"name":"admin","@id":"https:\/\/sensemakers.it\/en\/#\/schema\/person\/f3d830660f758ca54a46c78901396204"},"headline":"TOP 15 Giornalisti pi\u00f9 attivi sui social, Novembre 2025","datePublished":"2025-12-12T15:01:00+00:00","dateModified":"2026-03-30T14:01:54+00:00","mainEntityOfPage":{"@id":"https:\/\/sensemakers.it\/news\/top-15-giornalisti-piu-attivi-sui-social-novembre-2025\/"},"wordCount":512,"publisher":{"@id":"https:\/\/sensemakers.it\/en\/#organization"},"image":{"@id":"https:\/\/sensemakers.it\/news\/top-15-giornalisti-piu-attivi-sui-social-novembre-2025\/#primaryimage"},"thumbnailUrl":"https:\/\/sensemakers.it\/wp-content\/uploads\/2026\/03\/img-in-evidenza-WP-6.jpg","keywords":["Giornalisti"],"articleSection":["Classifiche"],"inLanguage":"en-US"},{"@type":"WebPage","@id":"https:\/\/sensemakers.it\/news\/top-15-giornalisti-piu-attivi-sui-social-novembre-2025\/","url":"https:\/\/sensemakers.it\/news\/top-15-giornalisti-piu-attivi-sui-social-novembre-2025\/","name":"TOP 15 Giornalisti pi\u00f9 attivi sui social, Novembre 2025 - Sensemakers","isPartOf":{"@id":"https:\/\/sensemakers.it\/en\/#website"},"primaryImageOfPage":{"@id":"https:\/\/sensemakers.it\/news\/top-15-giornalisti-piu-attivi-sui-social-novembre-2025\/#primaryimage"},"image":{"@id":"https:\/\/sensemakers.it\/news\/top-15-giornalisti-piu-attivi-sui-social-novembre-2025\/#primaryimage"},"thumbnailUrl":"https:\/\/sensemakers.it\/wp-content\/uploads\/2026\/03\/img-in-evidenza-WP-6.jpg","datePublished":"2025-12-12T15:01:00+00:00","dateModified":"2026-03-30T14:01:54+00:00","description":"Top 15 giornalisti di novembre: frizione nei volumi di engagement. Prime 6 posizioni gli stessi attori di ottobre ma con -40% di interazioni","breadcrumb":{"@id":"https:\/\/sensemakers.it\/news\/top-15-giornalisti-piu-attivi-sui-social-novembre-2025\/#breadcrumb"},"inLanguage":"en-US","potentialAction":[{"@type":"ReadAction","target":["https:\/\/sensemakers.it\/news\/top-15-giornalisti-piu-attivi-sui-social-novembre-2025\/"]}]},{"@type":"ImageObject","inLanguage":"en-US","@id":"https:\/\/sensemakers.it\/news\/top-15-giornalisti-piu-attivi-sui-social-novembre-2025\/#primaryimage","url":"https:\/\/sensemakers.it\/wp-content\/uploads\/2026\/03\/img-in-evidenza-WP-6.jpg","contentUrl":"https:\/\/sensemakers.it\/wp-content\/uploads\/2026\/03\/img-in-evidenza-WP-6.jpg","width":1200,"height":800,"caption":"giornalisti nov 2025"},{"@type":"BreadcrumbList","@id":"https:\/\/sensemakers.it\/news\/top-15-giornalisti-piu-attivi-sui-social-novembre-2025\/#breadcrumb","itemListElement":[{"@type":"ListItem","position":1,"name":"Home","item":"https:\/\/sensemakers.it\/en\/"},{"@type":"ListItem","position":2,"name":"TOP 15 Giornalisti pi\u00f9 attivi sui social, Novembre 2025"}]},{"@type":"WebSite","@id":"https:\/\/sensemakers.it\/en\/#website","url":"https:\/\/sensemakers.it\/en\/","name":"Sensemakers","description":"","publisher":{"@id":"https:\/\/sensemakers.it\/en\/#organization"},"potentialAction":[{"@type":"SearchAction","target":{"@type":"EntryPoint","urlTemplate":"https:\/\/sensemakers.it\/en\/?s={search_term_string}"},"query-input":{"@type":"PropertyValueSpecification","valueRequired":true,"valueName":"search_term_string"}}],"inLanguage":"en-US"},{"@type":"Organization","@id":"https:\/\/sensemakers.it\/en\/#organization","name":"Sensemakers","url":"https:\/\/sensemakers.it\/en\/","logo":{"@type":"ImageObject","inLanguage":"en-US","@id":"https:\/\/sensemakers.it\/en\/#\/schema\/logo\/image\/","url":"https:\/\/sensemakers.it\/wp-content\/uploads\/2026\/01\/sensemakersAsset-21@3x.png","contentUrl":"https:\/\/sensemakers.it\/wp-content\/uploads\/2026\/01\/sensemakersAsset-21@3x.png","width":1098,"height":150,"caption":"Sensemakers"},"image":{"@id":"https:\/\/sensemakers.it\/en\/#\/schema\/logo\/image\/"}},{"@type":"Person","@id":"https:\/\/sensemakers.it\/en\/#\/schema\/person\/f3d830660f758ca54a46c78901396204","name":"admin","image":{"@type":"ImageObject","inLanguage":"en-US","@id":"https:\/\/secure.gravatar.com\/avatar\/3096f45fd9580abce011db7ac7a12384188d53fa0a9a2c0c55243f4de9ede0de?s=96&d=mm&r=g","url":"https:\/\/secure.gravatar.com\/avatar\/3096f45fd9580abce011db7ac7a12384188d53fa0a9a2c0c55243f4de9ede0de?s=96&d=mm&r=g","contentUrl":"https:\/\/secure.gravatar.com\/avatar\/3096f45fd9580abce011db7ac7a12384188d53fa0a9a2c0c55243f4de9ede0de?s=96&d=mm&r=g","caption":"admin"},"sameAs":["https:\/\/sensemakers.it"],"url":"https:\/\/sensemakers.it\/en\/news\/author\/sensemakers_2t1uv5rd\/"}]}},"_links":{"self":[{"href":"https:\/\/sensemakers.it\/en\/wp-json\/wp\/v2\/posts\/2357","targetHints":{"allow":["GET"]}}],"collection":[{"href":"https:\/\/sensemakers.it\/en\/wp-json\/wp\/v2\/posts"}],"about":[{"href":"https:\/\/sensemakers.it\/en\/wp-json\/wp\/v2\/types\/post"}],"author":[{"embeddable":true,"href":"https:\/\/sensemakers.it\/en\/wp-json\/wp\/v2\/users\/1"}],"replies":[{"embeddable":true,"href":"https:\/\/sensemakers.it\/en\/wp-json\/wp\/v2\/comments?post=2357"}],"version-history":[{"count":1,"href":"https:\/\/sensemakers.it\/en\/wp-json\/wp\/v2\/posts\/2357\/revisions"}],"predecessor-version":[{"id":2361,"href":"https:\/\/sensemakers.it\/en\/wp-json\/wp\/v2\/posts\/2357\/revisions\/2361"}],"wp:featuredmedia":[{"embeddable":true,"href":"https:\/\/sensemakers.it\/en\/wp-json\/wp\/v2\/media\/2360"}],"wp:attachment":[{"href":"https:\/\/sensemakers.it\/en\/wp-json\/wp\/v2\/media?parent=2357"}],"wp:term":[{"taxonomy":"category","embeddable":true,"href":"https:\/\/sensemakers.it\/en\/wp-json\/wp\/v2\/categories?post=2357"},{"taxonomy":"post_tag","embeddable":true,"href":"https:\/\/sensemakers.it\/en\/wp-json\/wp\/v2\/tags?post=2357"}],"curies":[{"name":"wp","href":"https:\/\/api.w.org\/{rel}","templated":true}]}}